{"id":2899699,"date":"2025-04-14T08:02:57","date_gmt":"2025-04-14T08:02:57","guid":{"rendered":"https:\/\/rock-news.at\/?p=2899699"},"modified":"2025-04-14T08:02:57","modified_gmt":"2025-04-14T08:02:57","slug":"die-branche-der-laserschneidmaschinen-mittlerer-und-hoher-kapazitaet-boomt-weltweit-2025-2032","status":"publish","type":"post","link":"https:\/\/rock-news.at\/index.php\/2025\/04\/14\/die-branche-der-laserschneidmaschinen-mittlerer-und-hoher-kapazitaet-boomt-weltweit-2025-2032\/","title":{"rendered":"Die Branche der Laserschneidmaschinen mittlerer und hoher Kapazit\u00e4t boomt weltweit 2025\u20132032"},"content":{"rendered":"<p>&#8220;<img class='alignnone size-medium wp-image-262035' src='https:\/\/rock-news.at\/wp-content\/uploads\/2025\/03\/9.jpg' alt='M\u00e1quinas de corte por l\u00e1ser de capacidad media y alta' width='1015' height='560' \/><\/p>\n<div style='border: 3px solid black;padding: 1em'>\n<p>&nbsp;<\/p>\n<p>Die hier vorgestellte globale Marktvision ist eine sehr detaillierte und sorgf\u00e4ltige Beschreibung fast aller wichtigen Aspekte des <a style='color: #ff0000' href='https:\/\/globalmarketvision.com\/reports\/global-medium-and-high-capacity-laser-cutting-machines-market\/270635'>M\u00e1quinas de corte por l\u00e1ser de capacidad media y alta<\/a>-Marktes. Sie befasst sich eingehend mit der Marktdynamik, einschlie\u00dflich Wachstumstreibern, Herausforderungen, Beschr\u00e4nkungen, Trends und Chancen. Marktteilnehmer k\u00f6nnen Forschungsstudien nutzen, um ihre Position im M\u00e1quinas de corte por l\u00e1ser de capacidad media y alta-Markt zu st\u00e4rken, indem sie ein fundiertes Verst\u00e4ndnis des Marktwettbewerbs, des regionalen Wachstums, der M\u00e1quinas de corte por l\u00e1ser de capacidad media y alta-Marktsegmentierung und verschiedener Kostenstrukturen erlangen. Dieser Bericht bietet einen genauen Marktausblick in Bezug auf den j\u00e4hrlichen Durchschnittswert, die Marktgr\u00f6\u00dfe nach Wert und Volumen sowie den M\u00e1quinas de corte por l\u00e1ser de capacidad media y alta-Marktanteil. Er bietet au\u00dferdem sorgf\u00e4ltig berechnete und \u00fcberpr\u00fcfte Marktzahlen in Bezug auf, aber nicht beschr\u00e4nkt auf, Umsatz, Produktion, Verbrauch, Bruttomarge und Preis.<\/p>\n<p><strong>Klicken Sie hier, um jetzt einen Beispielbericht zu erhalten @:<\/strong><strong> <a style='color: #ff0000' href='https:\/\/globalmarketvision.com\/sample_request\/270635?utm_source=rock-news.at&amp;utm_medium=Pradnya'><strong>https:\/\/globalmarketvision.com\/sample_request\/270635<\/strong><\/a><\/strong><\/p>\n<p>Der globale M\u00e1quinas de corte por l\u00e1ser de capacidad media y alta-Marktbericht liefert wichtige Informationen \u00fcber den M\u00e1quinas de corte por l\u00e1ser de capacidad media y alta-Markt, indem er den Markt in verschiedene Segmente unterteilt. Der globale M\u00e1quinas de corte por l\u00e1ser de capacidad media y alta-Marktbericht liefert einen umfassenden \u00dcberblick \u00fcber die globale Entwicklung des Marktes, einschlie\u00dflich seiner Merkmale und Prognosen. Es sind gr\u00fcndliche Forschungsstudien und analytische F\u00e4higkeiten erforderlich, um die Technologie, Ideen, Methoden und Theorien zu verstehen, die zum Verst\u00e4ndnis des Marktes erforderlich sind.<\/p>\n<p>Dar\u00fcber hinaus enth\u00e4lt der Bericht vollst\u00e4ndige analytische Studien zu den Begrenzungs- und Wachstumsfaktoren. Der Bericht bietet eine detaillierte Zusammenfassung der aktuellen Innovationen und Ans\u00e4tze, Gesamtparameter und Spezifikationen des M\u00e1quinas de corte por l\u00e1ser de capacidad media y alta-Marktes. Der Bericht bietet auch eine vollst\u00e4ndige Studie der wirtschaftlichen Schwankungen in Bezug auf Angebot und Nachfrage.<\/p>\n<p>Globale M\u00e1quinas de corte por l\u00e1ser de capacidad media y alta Marktsegmentierung:<\/p>\n<p>Basierend auf Produkttypen ist der Bericht unterteilt in<\/p>\n<p>L\u00e1ser de fibra L\u00e1ser de CO2 L\u00e1ser de estado s\u00f3lido<\/p>\n<p>Basierend auf dem Anwendungsbericht, unterteilt in<\/p>\n<p>Automotriz Aeroespacial y Defensa Electricidad y Electr\u00f3nica Maquinaria Industrial<\/p>\n<p>Analyse f\u00fchrender Hersteller im M\u00e1quinas de corte por l\u00e1ser de capacidad media y alta-Markt 2024:<\/p>\n<p><strong style='color: #4169e1'>IPG Photonics, Bystronic, Coherent, TRUMPF, ALPHA LASER, Mazak Optonics, Newport, CY LASER, Universal Laser Systems, DANOBATGROUP, AMADA AMERICA, Cincinnati, Cutlite Penta, Jenoptik, Laser Photonics, Prima Industrie, DPSS Laser, Hypertherm, Vytek Laser Systems, Xenetech Global, Trotec Laser<\/strong><\/p>\n<p>Die regionale Marktanalyse M\u00e1quinas de corte por l\u00e1ser de capacidad media y alta kann wie folgt dargestellt werden:<\/p>\n<p>Dieser Teil des Berichts bewertet wichtige M\u00e4rkte auf regionaler und L\u00e4nderebene auf der Grundlage der Marktgr\u00f6\u00dfe nach Typ und Anwendung, der wichtigsten Akteure und der Marktprognose.<\/p>\n<p>Geografisch gesehen ist der Weltmarkt von M\u00e1quinas de corte por l\u00e1ser de capacidad media y alta wie folgt segmentiert:<\/p>\n<p>Nordamerika umfasst die Vereinigten Staaten, Kanada und Mexiko<\/p>\n<p>Europa umfasst Deutschland, Frankreich, Gro\u00dfbritannien, Italien, Spanien<\/p>\n<p>S\u00fcdamerika umfasst Kolumbien, Argentinien, Nigeria und Chile<\/p>\n<p>Der asiatisch-pazifische Raum umfasst Japan, China, Korea, Indien, Saudi-Arabien und S\u00fcdostasien<\/p>\n<p>Ziele des Berichts<\/p>\n<p>Sorgf\u00e4ltige Analyse und Prognose der Gr\u00f6\u00dfe des M\u00e1quinas de corte por l\u00e1ser de capacidad media y alta-Marktes nach Wert und Volumen.<br \/>\nSch\u00e4tzung der Marktanteile wichtiger Segmente des M\u00e1quinas de corte por l\u00e1ser de capacidad media y alta<br \/>\nAufzeigen der Entwicklung des M\u00e1quinas de corte por l\u00e1ser de capacidad media y alta-Marktes in verschiedenen Teilen der Welt.<br \/>\nAnalyse und Untersuchung von Mikrom\u00e4rkten im Hinblick auf ihren Beitrag zum M\u00e1quinas de corte por l\u00e1ser de capacidad media y alta-Markt, ihre Aussichten und individuellen Wachstumstrends.<br \/>\nAnbieten pr\u00e4ziser und n\u00fctzlicher Details zu Faktoren, die das Wachstum des M\u00e1quinas de corte por l\u00e1ser de capacidad media y alta beeinflussen.<br \/>\nSorgf\u00e4ltige Bewertung wichtiger Gesch\u00e4ftsstrategien f\u00fchrender Unternehmen auf dem M\u00e1quinas de corte por l\u00e1ser de capacidad media y alta-Markt, darunter Forschung und Entwicklung, Kooperationen, Vereinbarungen, Partnerschaften, \u00dcbernahmen, Fusionen, Neuentwicklungen und Produkteinf\u00fchrungen.<\/p>\n<p>Detaillierte Marktsegmentanalyse. Wichtige Punkte im Inhaltsverzeichnis:<\/p>\n<p>Kapitel 1 \u2013 \u00dcbersicht \u00fcber M\u00e1quinas de corte por l\u00e1ser de capacidad media y alta Markt<\/p>\n<p>Kapitel 2 \u2013 Globaler Marktstatus und Prognose nach Regionen<\/p>\n<p>Kapitel 3 \u2013 Globaler Marktstatus und Prognose nach Typen<\/p>\n<p>Kapitel 4 \u2013 Globaler Marktstatus und Prognose nach nachgelagerter Industrie<\/p>\n<p>Kapitel 5 \u2013 Analyse der markttreibenden Faktoren<\/p>\n<p>Kapitel 6 \u2013 Marktwettbewerbsstatus nach gro\u00dfen Herstellern<\/p>\n<p>Kapitel 7 \u2013 Einf\u00fchrung in die gro\u00dfen Hersteller und Marktdaten<\/p>\n<p>Kapitel 8 \u2013 Analyse des vor- und nachgelagerten Marktes<\/p>\n<p>Kapitel 9 \u2013 Kosten- und Rohertragsanalyse<\/p>\n<p>Kapitel 10 \u2013 Analyse des Marketingstatus<\/p>\n<p>Kapitel 11 \u2013 Schlussfolgerung des Marktberichts<\/p>\n<p>Kapitel 12 \u2013 Forschungsmethodik und Referenz<\/p>\n<p><strong>Exklusiven Bericht kaufen @: <strong><a style='color: #ff0000' href='https:\/\/globalmarketvision.com\/checkout\/?currency=USD&amp;type=single_user_license&amp;report_id=270635?utm_source=rock-news.at&amp;utm_medium=Pradnya'>https:\/\/globalmarketvision.com\/checkout\/?currency=USD&amp;type=single_user_license&amp;report_id=270635<\/a><\/strong><br \/>\n<\/strong><\/p>\n<p>Wenn Sie spezielle Anforderungen haben, lassen Sie es uns bitte wissen und wir bieten Ihnen den Bericht zu einem individuellen Preis an.<\/p>\n<p>Kontaktieren Sie uns<\/p>\n<p>Gauri Dabi | Gesch\u00e4ftsentwicklung<\/p>\n<p>Telefon: +44 151 528 9267<\/p>\n<p>Email: <a href='mailto:sales@globalmarketvision.com'>sales@globalmarketvision.com<\/a><\/p>\n<p>Global Market Vision<\/p>\n<p>Website: <a href='http:\/\/www.globalmarketvision.com\/'>www.globalmarketvision.com<\/a><\/p>\n<\/div>\n<p>&#8221;<\/p>\n","protected":false},"excerpt":{"rendered":"<p>&#8220; &nbsp; Die hier vorgestellte globale Marktvision ist eine sehr detaillierte und sorgf\u00e4ltige Beschreibung fast aller wichtigen Aspekte des M\u00e1quinas de corte por l\u00e1ser de capacidad media y alta-Marktes. Sie befasst sich eingehend mit der Marktdynamik, einschlie\u00dflich Wachstumstreibern, Herausforderungen, Beschr\u00e4nkungen, Trends und Chancen. Marktteilnehmer k\u00f6nnen Forschungsstudien nutzen, um ihre Position im M\u00e1quinas de corte por [&hellip;]<\/p>\n","protected":false},"author":9,"featured_media":0,"comment_status":"open","ping_status":"open","sticky":false,"template":"","format":"standard","meta":{"footnotes":""},"categories":[],"tags":[],"class_list":["post-2899699","post","type-post","status-publish","format-standard","hentry"],"_links":{"self":[{"href":"https:\/\/rock-news.at\/index.php\/wp-json\/wp\/v2\/posts\/2899699","targetHints":{"allow":["GET"]}}],"collection":[{"href":"https:\/\/rock-news.at\/index.php\/wp-json\/wp\/v2\/posts"}],"about":[{"href":"https:\/\/rock-news.at\/index.php\/wp-json\/wp\/v2\/types\/post"}],"author":[{"embeddable":true,"href":"https:\/\/rock-news.at\/index.php\/wp-json\/wp\/v2\/users\/9"}],"replies":[{"embeddable":true,"href":"https:\/\/rock-news.at\/index.php\/wp-json\/wp\/v2\/comments?post=2899699"}],"version-history":[{"count":0,"href":"https:\/\/rock-news.at\/index.php\/wp-json\/wp\/v2\/posts\/2899699\/revisions"}],"wp:attachment":[{"href":"https:\/\/rock-news.at\/index.php\/wp-json\/wp\/v2\/media?parent=2899699"}],"wp:term":[{"taxonomy":"category","embeddable":true,"href":"https:\/\/rock-news.at\/index.php\/wp-json\/wp\/v2\/categories?post=2899699"},{"taxonomy":"post_tag","embeddable":true,"href":"https:\/\/rock-news.at\/index.php\/wp-json\/wp\/v2\/tags?post=2899699"}],"curies":[{"name":"wp","href":"https:\/\/api.w.org\/{rel}","templated":true}]}}