{"id":2957215,"date":"2025-08-25T12:46:38","date_gmt":"2025-08-25T12:46:38","guid":{"rendered":"https:\/\/rock-news.at\/?p=2957215"},"modified":"2025-08-25T12:46:38","modified_gmt":"2025-08-25T12:46:38","slug":"marktanteil-nachfrage-und-prognose-fuer-kettensaegen-2025-2032","status":"publish","type":"post","link":"https:\/\/rock-news.at\/index.php\/2025\/08\/25\/marktanteil-nachfrage-und-prognose-fuer-kettensaegen-2025-2032\/","title":{"rendered":"Marktanteil, Nachfrage und Prognose f\u00fcr Kettens\u00e4gen 2025\u20132032"},"content":{"rendered":"<p><span dir=\"auto\" style=\"vertical-align: inherit\"><span dir=\"auto\">Der globale\u00a0<\/span><\/span><a href=\"https:\/\/www.kingsresearch.com\/chainsaw-market-1730\"><span dir=\"auto\" style=\"vertical-align: inherit\"><span dir=\"auto\">Kettens\u00e4genmarkt<\/span><\/span><\/a><span dir=\"auto\" style=\"vertical-align: inherit\"><span dir=\"auto\">\u00a0verzeichnete ein bemerkenswertes Wachstum, angetrieben durch die steigende Nachfrage in der Forstwirtschaft, im Landschaftsbau, in der Landwirtschaft und im Baugewerbe. Kettens\u00e4gen, die h\u00e4ufig zum Holzschneiden, Baumf\u00e4llen, Beschneiden und sogar zum Eisschnitzen eingesetzt werden, sind in vielen Branchen zu unverzichtbaren Werkzeugen geworden. Mit dem technologischen Fortschritt verlagert sich der Markt von traditionellen benzinbetriebenen Kettens\u00e4gen hin zu nachhaltigen Elektro- und Akku-Modellen, die globalen Nachhaltigkeits- und Umweltstandards entsprechen.<\/span><\/span><\/p>\n<p><span dir=\"auto\" style=\"vertical-align: inherit\"><span dir=\"auto\">Laut\u00a0<\/span><\/span><strong><span dir=\"auto\" style=\"vertical-align: inherit\"><span dir=\"auto\">Kings Research<\/span><\/span><\/strong><span dir=\"auto\" style=\"vertical-align: inherit\"><span dir=\"auto\">\u00a0wird der globale Kettens\u00e4genmarkt im Prognosezeitraum\u00a0<\/span><\/span><strong><span dir=\"auto\" style=\"vertical-align: inherit\"><span dir=\"auto\">2025\u20132031<\/span><\/span><\/strong><span dir=\"auto\" style=\"vertical-align: inherit\"><span dir=\"auto\">\u00a0deutlich wachsen. Dies ist auf die Urbanisierung, den steigenden Holzbedarf, die zunehmende Baut\u00e4tigkeit und das wachsende Bewusstsein f\u00fcr effizientes Baummanagement zur\u00fcckzuf\u00fchren. Dar\u00fcber hinaus f\u00f6rdern Innovationen in den Bereichen Akku-Technologie, Leichtbauweise und Sicherheitsfunktionen die weltweite Marktakzeptanz zus\u00e4tzlich.<\/span><\/span><\/p>\n<p><span dir=\"auto\" style=\"vertical-align: inherit\"><span dir=\"auto\">Der globale Kettens\u00e4genmarkt hatte im Jahr 2023 einen Wert von 4.310,0 Millionen US-Dollar und soll von 4.443,6 Millionen US-Dollar im Jahr 2024 auf 5.839,1 Millionen US-Dollar im Jahr 2031 wachsen, was einer durchschnittlichen j\u00e4hrlichen Wachstumsrate (CAGR) von 3,98 % im Prognosezeitraum entspricht.<\/span><\/span><\/p>\n<p><strong><span dir=\"auto\" style=\"vertical-align: inherit\"><span dir=\"auto\">Marktwachstumstreiber<\/span><\/span><\/strong><\/p>\n<p><span dir=\"auto\" style=\"vertical-align: inherit\"><span dir=\"auto\">Der Kettens\u00e4genmarkt erlebte aufgrund mehrerer Faktoren ein starkes Wachstum:<\/span><\/span><\/p>\n<ul>\n<li><strong><span dir=\"auto\" style=\"vertical-align: inherit\"><span dir=\"auto\">Steigende Nachfrage in der Forstwirtschaft<\/span><\/span><\/strong><span dir=\"auto\" style=\"vertical-align: inherit\"><span dir=\"auto\">\u00a0: Kettens\u00e4gen sind f\u00fcr die Holzernte und Holzernte unverzichtbar, insbesondere in Nordamerika, Europa und Teilen des asiatisch-pazifischen Raums, wo die Forstwirtschaft ein wichtiger Wirtschaftszweig ist.<\/span><\/span><\/li>\n<li><strong><span dir=\"auto\" style=\"vertical-align: inherit\"><span dir=\"auto\">St\u00e4dtische Landschaftsgestaltung und Gartenarbeit<\/span><\/span><\/strong><span dir=\"auto\" style=\"vertical-align: inherit\"><span dir=\"auto\">\u00a0: Die zunehmende Stadtentwicklung und Wohnbauprojekte haben die Nachfrage nach Landschaftsgestaltungswerkzeugen, einschlie\u00dflich Kettens\u00e4gen zum Beschneiden und zur Gartenpflege, angekurbelt.<\/span><\/span><\/li>\n<li><strong><span dir=\"auto\" style=\"vertical-align: inherit\"><span dir=\"auto\">Technologische Fortschritte<\/span><\/span><\/strong><span dir=\"auto\" style=\"vertical-align: inherit\"><span dir=\"auto\">\u00a0: Der \u00dcbergang zu batteriebetriebenen und elektrischen Kettens\u00e4gen revolutioniert die Branche, indem er leisere, umweltfreundlichere und wartungsarme Alternativen bietet.<\/span><\/span><\/li>\n<li><strong><span dir=\"auto\" style=\"vertical-align: inherit\"><span dir=\"auto\">Wachstum im Bausektor<\/span><\/span><\/strong><span dir=\"auto\" style=\"vertical-align: inherit\"><span dir=\"auto\">\u00a0: In Entwicklungsregionen werden Kettens\u00e4gen im Bauwesen zunehmend zum Schneiden von Holzkonstruktionen und Balken eingesetzt.<\/span><\/span><\/li>\n<li><strong><span dir=\"auto\" style=\"vertical-align: inherit\"><span dir=\"auto\">Steigendes Bewusstsein f\u00fcr Sicherheit und Effizienz<\/span><\/span><\/strong><span dir=\"auto\" style=\"vertical-align: inherit\"><span dir=\"auto\">\u00a0: Hersteller konzentrieren sich auf erweiterte Sicherheitsfunktionen wie Kettenbremsen, R\u00fcckschlagschutz und ergonomische Designs, die die Benutzerakzeptanz verbessern.<\/span><\/span><\/li>\n<\/ul>\n<p><strong><span dir=\"auto\" style=\"vertical-align: inherit\"><span dir=\"auto\">Erschlie\u00dfen Sie sich wichtige Wachstumschancen:\u00a0<\/span><\/span><a href=\"https:\/\/www.kingsresearch.com\/chainsaw-market-1730\"><span dir=\"auto\" style=\"vertical-align: inherit\"><span dir=\"auto\">https:\/\/www.kingsresearch.com\/chainsaw-market-1730<\/span><\/span><\/a><\/strong><\/p>\n<p><strong><span dir=\"auto\" style=\"vertical-align: inherit\"><span dir=\"auto\">Liste der wichtigsten Unternehmen auf dem Kettens\u00e4genmarkt:<\/span><\/span><\/strong><\/p>\n<ul>\n<li><span dir=\"auto\" style=\"vertical-align: inherit\"><span dir=\"auto\">ANDREAS STIHL AG &amp; Co. KG<\/span><\/span><\/li>\n<li><span dir=\"auto\" style=\"vertical-align: inherit\"><span dir=\"auto\">Husqvarna AB<\/span><\/span><\/li>\n<li><span dir=\"auto\" style=\"vertical-align: inherit\"><span dir=\"auto\">YAMABIKO Corporation<\/span><\/span><\/li>\n<li><span dir=\"auto\" style=\"vertical-align: inherit\"><span dir=\"auto\">Makita<\/span><\/span><\/li>\n<li><span dir=\"auto\" style=\"vertical-align: inherit\"><span dir=\"auto\">Oregon Tool, Inc.<\/span><\/span><\/li>\n<li><span dir=\"auto\" style=\"vertical-align: inherit\"><span dir=\"auto\">Robert Bosch Stiftung GmbH<\/span><\/span><\/li>\n<li><span dir=\"auto\" style=\"vertical-align: inherit\"><span dir=\"auto\">BLACK+DECKER<\/span><\/span><\/li>\n<li><span dir=\"auto\" style=\"vertical-align: inherit\"><span dir=\"auto\">DEWALT<\/span><\/span><\/li>\n<li><span dir=\"auto\" style=\"vertical-align: inherit\"><span dir=\"auto\">Greenworks North America LLC<\/span><\/span><\/li>\n<li><span dir=\"auto\" style=\"vertical-align: inherit\"><span dir=\"auto\">Milwaukee-Werkzeug<\/span><\/span><\/li>\n<li><span dir=\"auto\" style=\"vertical-align: inherit\"><span dir=\"auto\">RYOBI<\/span><\/span><\/li>\n<li><span dir=\"auto\" style=\"vertical-align: inherit\"><span dir=\"auto\">STIGA SpA<\/span><\/span><\/li>\n<li><span dir=\"auto\" style=\"vertical-align: inherit\"><span dir=\"auto\">AL-KO Gardentech<\/span><\/span><\/li>\n<li><span dir=\"auto\" style=\"vertical-align: inherit\"><span dir=\"auto\">Einhell Germany AG<\/span><\/span><\/li>\n<li><span dir=\"auto\" style=\"vertical-align: inherit\"><span dir=\"auto\">Emak SpA<\/span><\/span><\/li>\n<\/ul>\n<p><strong><span dir=\"auto\" style=\"vertical-align: inherit\"><span dir=\"auto\">Markttrends<\/span><\/span><\/strong><\/p>\n<p><span dir=\"auto\" style=\"vertical-align: inherit\"><span dir=\"auto\">Der Kettens\u00e4genmarkt durchl\u00e4uft derzeit bemerkenswerte Ver\u00e4nderungen, wobei mehrere Trends seine Zukunft pr\u00e4gen:<\/span><\/span><\/p>\n<ul>\n<li><strong><span dir=\"auto\" style=\"vertical-align: inherit\"><span dir=\"auto\">Umstellung auf akkubetriebene Kettens\u00e4gen<\/span><\/span><\/strong><span dir=\"auto\" style=\"vertical-align: inherit\"><span dir=\"auto\">\u00a0: Wachsende R\u00fccksicht auf Emissionen und die Nachfrage treiben die Nachfrage nach kabellosen Kettens\u00e4gen mit Lithium-Ionen-Akkus voran.<\/span><\/span><\/li>\n<li><strong><span dir=\"auto\" style=\"vertical-align: inherit\"><span dir=\"auto\">Intelligente und vernetzte Kettens\u00e4gen<\/span><\/span><\/strong><span dir=\"auto\" style=\"vertical-align: inherit\"><span dir=\"auto\">\u00a0: Die Integration von IoT und intelligenten Sensoren zur Leistungs\u00fcberwachung und vorausschauenden Wartung ist im Gange.<\/span><\/span><\/li>\n<li><strong><span dir=\"auto\" style=\"vertical-align: inherit\"><span dir=\"auto\">Leichte und ergonomische Modelle<\/span><\/span><\/strong><span dir=\"auto\" style=\"vertical-align: inherit\"><span dir=\"auto\">\u00a0: Die Verbraucher bevorzugen zunehmend kompakte Kettens\u00e4gen mit verbesserter Man\u00f6vrierf\u00e4higkeit.<\/span><\/span><\/li>\n<li><strong><span dir=\"auto\" style=\"vertical-align: inherit\"><span dir=\"auto\">Zunahme von Heimwerkeraktivit\u00e4ten<\/span><\/span><\/strong><span dir=\"auto\" style=\"vertical-align: inherit\"><span dir=\"auto\">\u00a0: Die Zunahme von Garten- und Heimwerkerprojekten in Eigenregie treibt den Verkauf kompakter elektrischer Kettens\u00e4gen an.<\/span><\/span><\/li>\n<li><strong><span dir=\"auto\" style=\"vertical-align: inherit\"><span dir=\"auto\">Fokus auf nachhaltige Forstwirtschaftspraktiken<\/span><\/span><\/strong><span dir=\"auto\" style=\"vertical-align: inherit\"><span dir=\"auto\">\u00a0: Regierungen und Organisationen, die nachhaltige Holzerntepraktiken f\u00f6rdern, unterst\u00fctzen den Einsatz moderner, energieeffizienter Kettens\u00e4gen.<\/span><\/span><\/li>\n<\/ul>\n<p><strong><span dir=\"auto\" style=\"vertical-align: inherit\"><span dir=\"auto\">Marktdynamik<\/span><\/span><\/strong><\/p>\n<p><span dir=\"auto\" style=\"vertical-align: inherit\"><span dir=\"auto\">Der globale Kettens\u00e4genmarkt unterliegt einer komplexen Dynamik, die von Nachfragetreibern, Einschr\u00e4nkungen, Herausforderungen und Chancen beeinflusst wird.<\/span><\/span><\/p>\n<p><strong><span dir=\"auto\" style=\"vertical-align: inherit\"><span dir=\"auto\">Zu den wichtigsten Dynamiken geh\u00f6ren:<\/span><\/span><\/strong><\/p>\n<ul>\n<li><strong><span dir=\"auto\" style=\"vertical-align: inherit\"><span dir=\"auto\">Treiber<\/span><\/span><\/strong><span dir=\"auto\" style=\"vertical-align: inherit\"><span dir=\"auto\">\u00a0: Urbanisierung, Ausweitung der Forstwirtschaft, Wachstum im Baugewerbe und technologische Innovationen.<\/span><\/span><\/li>\n<li><strong><span dir=\"auto\" style=\"vertical-align: inherit\"><span dir=\"auto\">Einschr\u00e4nkungen<\/span><\/span><\/strong><span dir=\"auto\" style=\"vertical-align: inherit\"><span dir=\"auto\">\u00a0: Sicherheitsbedenken, strenge Umweltvorschriften f\u00fcr benzinbetriebene Kettens\u00e4gen und Wartungskosten.<\/span><\/span><\/li>\n<li><strong><span dir=\"auto\" style=\"vertical-align: inherit\"><span dir=\"auto\">Chancen<\/span><\/span><\/strong><span dir=\"auto\" style=\"vertical-align: inherit\"><span dir=\"auto\">\u00a0: Expansion in Schwellenl\u00e4ndern, zunehmende Verbreitung elektrischer Kettens\u00e4gen und zunehmende Beliebtheit robotergest\u00fctzter\/autonomer Kettens\u00e4gen.<\/span><\/span><\/li>\n<li><strong><span dir=\"auto\" style=\"vertical-align: inherit\"><span dir=\"auto\">Herausforderungen<\/span><\/span><\/strong><span dir=\"auto\" style=\"vertical-align: inherit\"><span dir=\"auto\">\u00a0: Marktwettbewerb, gef\u00e4lschte Produkte und schwankende Rohstoffkosten.<\/span><\/span><\/li>\n<\/ul>\n<p><strong><span dir=\"auto\" style=\"vertical-align: inherit\"><span dir=\"auto\">Marktsegmentierung<\/span><\/span><\/strong><\/p>\n<p><span dir=\"auto\" style=\"vertical-align: inherit\"><span dir=\"auto\">Der Kettens\u00e4genmarkt kann nach\u00a0<\/span><\/span><strong><span dir=\"auto\" style=\"vertical-align: inherit\"><span dir=\"auto\">Produkttyp, Energiequelle, Anwendung und Region<\/span><\/span><\/strong><span dir=\"auto\" style=\"vertical-align: inherit\"><span dir=\"auto\">\u00a0segmentiert werden.<\/span><\/span><\/p>\n<p><strong><span dir=\"auto\" style=\"vertical-align: inherit\"><span dir=\"auto\">Nach Produkttyp:<\/span><\/span><\/strong><\/p>\n<ul>\n<li><strong><span dir=\"auto\" style=\"vertical-align: inherit\"><span dir=\"auto\">Benzinbetriebene Kettens\u00e4gen<\/span><\/span><\/strong><span dir=\"auto\" style=\"vertical-align: inherit\"><span dir=\"auto\">\u00a0\u2013 Traditionell dominierend, geeignet f\u00fcr schwere Forstarbeiten, aber aufgrund von Umweltauflagen r\u00fcckl\u00e4ufig.<\/span><\/span><\/li>\n<li><strong><span dir=\"auto\" style=\"vertical-align: inherit\"><span dir=\"auto\">Elektrische Kettens\u00e4gen (mit Kabel)<\/span><\/span><\/strong><span dir=\"auto\" style=\"vertical-align: inherit\"><span dir=\"auto\">\u00a0\u2013 gewinnen aufgrund ihrer Erschwinglichkeit und Benutzerfreundlichkeit eine Bedeutung in der st\u00e4dtischen Landschaftsgestaltung.<\/span><\/span><\/li>\n<li><strong><span dir=\"auto\" style=\"vertical-align: inherit\"><span dir=\"auto\">Akku-Kettens\u00e4gen (kabellos)<\/span><\/span><\/strong><span dir=\"auto\" style=\"vertical-align: inherit\"><span dir=\"auto\">\u00a0\u2013 Das am schnellsten wachsende Segment, angetrieben von Umweltfreundlichkeit und Komfort.<\/span><\/span><\/li>\n<\/ul>\n<p><strong><span dir=\"auto\" style=\"vertical-align: inherit\"><span dir=\"auto\">Nach Stromquelle:<\/span><\/span><\/strong><\/p>\n<ul>\n<li><strong><span dir=\"auto\" style=\"vertical-align: inherit\"><span dir=\"auto\">Benzin<\/span><\/span><\/strong><\/li>\n<li><strong><span dir=\"auto\" style=\"vertical-align: inherit\"><span dir=\"auto\">Elektrisch (kabelgebunden)<\/span><\/span><\/strong><\/li>\n<li><strong><span dir=\"auto\" style=\"vertical-align: inherit\"><span dir=\"auto\">Batterie (Lithium-Ionen)<\/span><\/span><\/strong><\/li>\n<\/ul>\n<p><strong><span dir=\"auto\" style=\"vertical-align: inherit\"><span dir=\"auto\">Nach Anwendung:<\/span><\/span><\/strong><\/p>\n<ul>\n<li><strong><span dir=\"auto\" style=\"vertical-align: inherit\"><span dir=\"auto\">Forstwirtschaft und Holzeinschlag<\/span><\/span><\/strong><span dir=\"auto\" style=\"vertical-align: inherit\"><span dir=\"auto\">\u00a0\u2013 Gr\u00f6\u00dftes Segment aufgrund der weltweiten Holznachfrage.<\/span><\/span><\/li>\n<li><strong><span dir=\"auto\" style=\"vertical-align: inherit\"><span dir=\"auto\">Kommerzielle Landschaftsgestaltung<\/span><\/span><\/strong><span dir=\"auto\" style=\"vertical-align: inherit\"><span dir=\"auto\">\u00a0\u2013 Umfasst kommunale und private Landschaftsgestaltungsdienste.<\/span><\/span><\/li>\n<li><strong><span dir=\"auto\" style=\"vertical-align: inherit\"><span dir=\"auto\">Wohnen\/Heimwerken<\/span><\/span><\/strong><span dir=\"auto\" style=\"vertical-align: inherit\"><span dir=\"auto\">\u00a0\u2013 Wachsendes Segment, da Verbraucher zunehmend Gartenger\u00e4te verwenden.<\/span><\/span><\/li>\n<li><strong><span dir=\"auto\" style=\"vertical-align: inherit\"><span dir=\"auto\">Bauwesen<\/span><\/span><\/strong><span dir=\"auto\" style=\"vertical-align: inherit\"><span dir=\"auto\">\u00a0\u2013 Verwendung in Holzkonstruktionen und -rahmen.<\/span><\/span><\/li>\n<\/ul>\n<p><strong><span dir=\"auto\" style=\"vertical-align: inherit\"><span dir=\"auto\">Zu den strategischen Initiativen der Hauptakteure geh\u00f6ren:<\/span><\/span><\/strong><\/p>\n<ul>\n<li><span dir=\"auto\" style=\"vertical-align: inherit\"><span dir=\"auto\">Investitionen in\u00a0<\/span><\/span><strong><span dir=\"auto\" style=\"vertical-align: inherit\"><span dir=\"auto\">Forschung und Entwicklung f\u00fcr Batterietechnologie<\/span><\/span><\/strong><span dir=\"auto\" style=\"vertical-align: inherit\"><span dir=\"auto\">\u00a0.<\/span><\/span><\/li>\n<li><span dir=\"auto\" style=\"vertical-align: inherit\"><span dir=\"auto\">Ausbau\u00a0<\/span><\/span><strong><span dir=\"auto\" style=\"vertical-align: inherit\"><span dir=\"auto\">der Online-Vertriebsnetze<\/span><\/span><\/strong><span dir=\"auto\" style=\"vertical-align: inherit\"><span dir=\"auto\">\u00a0.<\/span><\/span><\/li>\n<li><span dir=\"auto\" style=\"vertical-align: inherit\"><span dir=\"auto\">Partnerschaften mit\u00a0<\/span><\/span><strong><span dir=\"auto\" style=\"vertical-align: inherit\"><span dir=\"auto\">Forstorganisationen<\/span><\/span><\/strong><span dir=\"auto\" style=\"vertical-align: inherit\"><span dir=\"auto\">\u00a0.<\/span><\/span><\/li>\n<li><span dir=\"auto\" style=\"vertical-align: inherit\"><span dir=\"auto\">Einf\u00fchrung\u00a0<\/span><\/span><strong><span dir=\"auto\" style=\"vertical-align: inherit\"><span dir=\"auto\">umweltfreundlicher und robotergest\u00fctzter Kettens\u00e4gen<\/span><\/span><\/strong><span dir=\"auto\" style=\"vertical-align: inherit\"><span dir=\"auto\">\u00a0.<\/span><\/span><\/li>\n<\/ul>\n<p><strong><span dir=\"auto\" style=\"vertical-align: inherit\"><span dir=\"auto\">Regionale Analyse<\/span><\/span><\/strong><\/p>\n<p><span dir=\"auto\" style=\"vertical-align: inherit\"><span dir=\"auto\">Der globale Kettens\u00e4genmarkt ist in\u00a0<\/span><\/span><strong><span dir=\"auto\" style=\"vertical-align: inherit\"><span dir=\"auto\">Nordamerika, Europa, Asien-Pazifik, Lateinamerika sowie den Nahen Osten und Afrika (MEA)<\/span><\/span><\/strong><span dir=\"auto\" style=\"vertical-align: inherit\"><span dir=\"auto\">\u00a0unterteilt.<\/span><\/span><\/p>\n<p><strong><span dir=\"auto\" style=\"vertical-align: inherit\"><span dir=\"auto\">Nordamerika<\/span><\/span><\/strong><\/p>\n<ul>\n<li><span dir=\"auto\" style=\"vertical-align: inherit\"><span dir=\"auto\">Dominiert den Markt aufgrund umfangreicher Forstwirtschaft, Landschaftsbauaktivit\u00e4ten und Heimwerkerkultur.<\/span><\/span><\/li>\n<li><span dir=\"auto\" style=\"vertical-align: inherit\"><span dir=\"auto\">Der gr\u00f6\u00dfte Markt sind die Vereinigten Staaten, aber auch Kanada tr\u00e4gt erheblich dazu bei.<\/span><\/span><\/li>\n<li><span dir=\"auto\" style=\"vertical-align: inherit\"><span dir=\"auto\">Aufgrund von Umweltvorschriften ist\u00a0<\/span><span dir=\"auto\">die Verbreitung\u00a0<\/span><\/span><strong><span dir=\"auto\" style=\"vertical-align: inherit\"><span dir=\"auto\">batteriebetriebener Kettens\u00e4gen hoch.<\/span><\/span><\/strong><\/li>\n<\/ul>\n<p><strong><span dir=\"auto\" style=\"vertical-align: inherit\"><span dir=\"auto\">Europa<\/span><\/span><\/strong><\/p>\n<ul>\n<li><span dir=\"auto\" style=\"vertical-align: inherit\"><span dir=\"auto\">Starke Pr\u00e4senz\u00a0<\/span><\/span><strong><span dir=\"auto\" style=\"vertical-align: inherit\"><span dir=\"auto\">f\u00fchrender Hersteller (STIHL, Husqvarna, Bosch)<\/span><\/span><\/strong><span dir=\"auto\" style=\"vertical-align: inherit\"><span dir=\"auto\">\u00a0.<\/span><\/span><\/li>\n<li><span dir=\"auto\" style=\"vertical-align: inherit\"><span dir=\"auto\">Strenge EU-Emissionsvorschriften treiben die Nachfrage nach\u00a0<\/span><\/span><strong><span dir=\"auto\" style=\"vertical-align: inherit\"><span dir=\"auto\">elektrischen Kettens\u00e4gen<\/span><\/span><\/strong><span dir=\"auto\" style=\"vertical-align: inherit\"><span dir=\"auto\">\u00a0voran.<\/span><\/span><\/li>\n<li><span dir=\"auto\" style=\"vertical-align: inherit\"><span dir=\"auto\">Deutschland, Schweden und Frankreich leisten die wichtigsten Beitr\u00e4ge.<\/span><\/span><\/li>\n<\/ul>\n<p><strong><span dir=\"auto\" style=\"vertical-align: inherit\"><span dir=\"auto\">Asien-Pazifik<\/span><\/span><\/strong><\/p>\n<ul>\n<li><span dir=\"auto\" style=\"vertical-align: inherit\"><span dir=\"auto\">Am schnellsten wachsende Region aufgrund schnellerer\u00a0<\/span><\/span><strong><span dir=\"auto\" style=\"vertical-align: inherit\"><span dir=\"auto\">Urbanisierung und Bauprojekte<\/span><\/span><\/strong><span dir=\"auto\" style=\"vertical-align: inherit\"><span dir=\"auto\">\u00a0.<\/span><\/span><\/li>\n<li><span dir=\"auto\" style=\"vertical-align: inherit\"><span dir=\"auto\">China und Indien sind wichtige Wachstumsm\u00e4rkte, angetrieben durch die steigende Nachfrage nach Holz- und Landschaftsbauprojekten.<\/span><\/span><\/li>\n<li><span dir=\"auto\" style=\"vertical-align: inherit\"><span dir=\"auto\">Japan und S\u00fcdkorea sind gef\u00fchrt von\u00a0<\/span><\/span><strong><span dir=\"auto\" style=\"vertical-align: inherit\"><span dir=\"auto\">technologischen Innovationen<\/span><\/span><\/strong><span dir=\"auto\" style=\"vertical-align: inherit\"><span dir=\"auto\">\u00a0.<\/span><\/span><\/li>\n<\/ul>\n<p><strong><span dir=\"auto\" style=\"vertical-align: inherit\"><span dir=\"auto\">Lateinamerika<\/span><\/span><\/strong><\/p>\n<ul>\n<li><span dir=\"auto\" style=\"vertical-align: inherit\"><span dir=\"auto\">Brasilien ist aufgrund seines\u00a0<\/span><\/span><strong><span dir=\"auto\" style=\"vertical-align: inherit\"><span dir=\"auto\">Forst- und Holzwirtschaftssektors<\/span><\/span><\/strong><span dir=\"auto\" style=\"vertical-align: inherit\"><span dir=\"auto\">\u00a0ein bedeutender Markt.<\/span><\/span><\/li>\n<li><span dir=\"auto\" style=\"vertical-align: inherit\"><span dir=\"auto\">Das Wachstum wird durch die Ausweitung der Landwirtschaft und den Holzexport vorangetrieben.<\/span><\/span><\/li>\n<\/ul>\n<p><strong><span dir=\"auto\" style=\"vertical-align: inherit\"><span dir=\"auto\">Naher Osten und Afrika (MEA)<\/span><\/span><\/strong><\/p>\n<ul>\n<li><span dir=\"auto\" style=\"vertical-align: inherit\"><span dir=\"auto\">Moderates Wachstum mit zunehmender Anwendung im\u00a0<\/span><\/span><strong><span dir=\"auto\" style=\"vertical-align: inherit\"><span dir=\"auto\">Bau- und Landschaftsbau<\/span><\/span><\/strong><span dir=\"auto\" style=\"vertical-align: inherit\"><span dir=\"auto\">\u00a0.<\/span><\/span><\/li>\n<li><span dir=\"auto\" style=\"vertical-align: inherit\"><span dir=\"auto\">In L\u00e4ndern wie S\u00fcdafrika und den Vereinigten Arabischen Emiraten besteht eine gro\u00dfe Nachfrage nach modernen Kettens\u00e4genwerkzeugen.<\/span><\/span><\/li>\n<\/ul>\n<p><strong><span dir=\"auto\" style=\"vertical-align: inherit\"><span dir=\"auto\">Zukunftsaussichten<\/span><\/span><\/strong><\/p>\n<p><span dir=\"auto\" style=\"vertical-align: inherit\"><span dir=\"auto\">Die Zukunft des globalen Kettens\u00e4genmarktes sieht vielversprechend aus. Von\u00a0<\/span><\/span><strong><span dir=\"auto\" style=\"vertical-align: inherit\"><span dir=\"auto\">2025 bis 2031<\/span><\/span><\/strong><span dir=\"auto\" style=\"vertical-align: inherit\"><span dir=\"auto\">\u00a0wird ein stetiges Wachstum erwartet. Die Branche wird voraussichtlich Folgendes erleben:<\/span><\/span><\/p>\n<ul>\n<li><span dir=\"auto\" style=\"vertical-align: inherit\"><span dir=\"auto\">Ausbau\u00a0<\/span><\/span><strong><span dir=\"auto\" style=\"vertical-align: inherit\"><span dir=\"auto\">umweltfreundlicher und intelligenter Kettens\u00e4gen<\/span><\/span><\/strong><span dir=\"auto\" style=\"vertical-align: inherit\"><span dir=\"auto\">\u00a0.<\/span><\/span><\/li>\n<li><span dir=\"auto\" style=\"vertical-align: inherit\"><span dir=\"auto\">St\u00e4rkere Verbreitung\u00a0<\/span><\/span><strong><span dir=\"auto\" style=\"vertical-align: inherit\"><span dir=\"auto\">kabelloser, leichterer Designs<\/span><\/span><\/strong><span dir=\"auto\" style=\"vertical-align: inherit\"><span dir=\"auto\">\u00a0im privaten und gewerblichen Bereich.<\/span><\/span><\/li>\n<li><span dir=\"auto\" style=\"vertical-align: inherit\"><span dir=\"auto\">H\u00f6here Investitionen in\u00a0<\/span><\/span><strong><span dir=\"auto\" style=\"vertical-align: inherit\"><span dir=\"auto\">KI-basierte und autonome Kettens\u00e4gen<\/span><\/span><\/strong><span dir=\"auto\" style=\"vertical-align: inherit\"><span dir=\"auto\">\u00a0f\u00fcr den professionellen Einsatz.<\/span><\/span><\/li>\n<li><span dir=\"auto\" style=\"vertical-align: inherit\"><span dir=\"auto\">Die zunehmende Beliebtheit von\u00a0<\/span><\/span><strong><span dir=\"auto\" style=\"vertical-align: inherit\"><span dir=\"auto\">Kettens\u00e4gen-Verleihdiensten<\/span><\/span><\/strong><span dir=\"auto\" style=\"vertical-align: inherit\"><span dir=\"auto\">\u00a0macht sie einem breiteren Verbraucherkreis zug\u00e4nglich.<\/span><\/span><\/li>\n<\/ul>\n<p><strong><span dir=\"auto\" style=\"vertical-align: inherit\"><span dir=\"auto\">Abschluss<\/span><\/span><\/strong><\/p>\n<p><span dir=\"auto\" style=\"vertical-align: inherit\"><span dir=\"auto\">Der\u00a0<\/span><\/span><strong><span dir=\"auto\" style=\"vertical-align: inherit\"><span dir=\"auto\">globale Kettens\u00e4genmarkt<\/span><\/span><\/strong><span dir=\"auto\" style=\"vertical-align: inherit\"><span dir=\"auto\">\u00a0befindet sich auf einem starken Wachstumspfad, angetrieben durch die steigende Nachfrage in den Bereichen Forstwirtschaft, Landschaftsbau, Wohnen und Bauwesen. Wichtige Akteure investieren in Innovation, Sicherheitsmerkmale und umweltfreundliche Modelle und stehen somit vor einem deutlichen Wachstum. Da die Regierungen die Vorschriften f\u00fcr kraftstoffbetriebene Ger\u00e4te versch\u00e4rfen, wird der Trend zu\u00a0<\/span><\/span><strong><span dir=\"auto\" style=\"vertical-align: inherit\"><span dir=\"auto\">akkubetriebenen und intelligenten Kettens\u00e4gen<\/span><\/span><\/strong><span dir=\"auto\" style=\"vertical-align: inherit\"><span dir=\"auto\">\u00a0die Marktdynamik in den kommenden Jahren neu bestimmen.<\/span><\/span><\/p>\n<p><span dir=\"auto\" style=\"vertical-align: inherit\"><strong><span dir=\"auto\">Verwandte Themen durchsuchen:<\/span><\/strong><\/span><\/p>\n<p><span dir=\"auto\" style=\"vertical-align: inherit\"><strong><a href=\"https:\/\/globbook.com\/blogs\/20174\/Construction-and-Electrical-Industries-Fuel-Demand-for-Alumina-Trihydrate-Through\" target=\"_parent\"><span dir=\"auto\">Bau- und Elektroindustrie treiben Nachfrage nach Aluminiumoxidtrihydrat bis 2031 an<\/span><\/a><\/strong><\/span><\/p>\n<p><span dir=\"auto\" style=\"vertical-align: inherit\"><strong><a href=\"https:\/\/tudomuaban.com\/chi-tiet-rao-vat\/2635657\/20242031-global-forecast-alumina-trihydrate-market-to-benefit-from-environmental-safety-standards.html\" target=\"_parent\"><span dir=\"auto\">Globale Prognose 2024\u20132031: Markt f\u00fcr Aluminiumtrihydrat profitiert von Umweltsicherheitsstandards<\/span><\/a><\/strong><\/span><\/p>\n<p><span dir=\"auto\" style=\"vertical-align: inherit\"><strong><a href=\"https:\/\/www.tdedchangair.com\/webboard\/viewtopic.php?p=72224#p72224\" target=\"_parent\"><span dir=\"auto\">Flammhemmende Anwendungen treiben das globale Marktwachstum f\u00fcr Aluminiumoxidtrihydrat bis 2031 voran<\/span><\/a><\/strong><\/span><\/p>\n<p><span dir=\"auto\" style=\"vertical-align: inherit\"><strong><a href=\"https:\/\/www.extrapolate.com\/Chemicals-and-Advanced-Materials\/diesel-exhaust-fluid-market\/25957\" target=\"_parent\"><span dir=\"auto\">Markt f\u00fcr Dieselabgasfl\u00fcssigkeiten<\/span><\/a><\/strong><\/span><\/p>\n","protected":false},"excerpt":{"rendered":"<p>Der globale\u00a0Kettens\u00e4genmarkt\u00a0verzeichnete ein bemerkenswertes Wachstum, angetrieben durch die steigende Nachfrage in der Forstwirtschaft, im Landschaftsbau, in der Landwirtschaft und im Baugewerbe. Kettens\u00e4gen, die h\u00e4ufig zum Holzschneiden, Baumf\u00e4llen, Beschneiden und sogar zum Eisschnitzen eingesetzt werden, sind in vielen Branchen zu unverzichtbaren Werkzeugen geworden. Mit dem technologischen Fortschritt verlagert sich der Markt von traditionellen benzinbetriebenen Kettens\u00e4gen hin [&hellip;]<\/p>\n","protected":false},"author":15,"featured_media":0,"comment_status":"open","ping_status":"open","sticky":false,"template":"","format":"standard","meta":{"footnotes":""},"categories":[],"tags":[],"class_list":["post-2957215","post","type-post","status-publish","format-standard","hentry"],"_links":{"self":[{"href":"https:\/\/rock-news.at\/index.php\/wp-json\/wp\/v2\/posts\/2957215","targetHints":{"allow":["GET"]}}],"collection":[{"href":"https:\/\/rock-news.at\/index.php\/wp-json\/wp\/v2\/posts"}],"about":[{"href":"https:\/\/rock-news.at\/index.php\/wp-json\/wp\/v2\/types\/post"}],"author":[{"embeddable":true,"href":"https:\/\/rock-news.at\/index.php\/wp-json\/wp\/v2\/users\/15"}],"replies":[{"embeddable":true,"href":"https:\/\/rock-news.at\/index.php\/wp-json\/wp\/v2\/comments?post=2957215"}],"version-history":[{"count":0,"href":"https:\/\/rock-news.at\/index.php\/wp-json\/wp\/v2\/posts\/2957215\/revisions"}],"wp:attachment":[{"href":"https:\/\/rock-news.at\/index.php\/wp-json\/wp\/v2\/media?parent=2957215"}],"wp:term":[{"taxonomy":"category","embeddable":true,"href":"https:\/\/rock-news.at\/index.php\/wp-json\/wp\/v2\/categories?post=2957215"},{"taxonomy":"post_tag","embeddable":true,"href":"https:\/\/rock-news.at\/index.php\/wp-json\/wp\/v2\/tags?post=2957215"}],"curies":[{"name":"wp","href":"https:\/\/api.w.org\/{rel}","templated":true}]}}